{"id":20573,"date":"2022-05-15T18:12:25","date_gmt":"2022-05-15T16:12:25","guid":{"rendered":"https:\/\/ffw-erlenbach-stadt.de\/?p=20573"},"modified":"2022-05-15T18:12:26","modified_gmt":"2022-05-15T16:12:26","slug":"ehrungen-beim-florianstag","status":"publish","type":"post","link":"https:\/\/ffw-erlenbach-stadt.de\/index.php\/2022\/05\/15\/ehrungen-beim-florianstag\/","title":{"rendered":"Ehrungen beim Florianstag"},"content":{"rendered":"\n<p><strong>320 Jahre bei der Feuerwehr<\/strong><\/p>\n\n\n\n<p><strong>Erlenbacher Feuerwehr ehrt am Florianstag langj\u00e4hrige Mitglieder<\/strong><\/p>\n\n\n\n<p><strong>Erlenbach<\/strong>&nbsp; Nach zwei Jahren Corona-Pause konnte die Erlenbacher Feuerwehr endlich wieder am 07. Mai feierlich den Florianstag begehen. Nach dem Marsch in die St. Peter und Paul Kirche, musikalisch begleitet vom Musikkorps der Feuerwehr, feierte Pfarrer Franz Kraft den Festgottesdienst zu Ehren des Schutzheiligen St. Florian.<\/p>\n\n\n\n<p>Im Anschluss an den Gottesdienst waren alle Feuerwehrleute, die Musikerinnen und Musiker sowie B\u00fcrgermeister und Ehreng\u00e4ste zu einem Abendessen ins Feuerwehrhaus eingeladen. Neben einem 2-Jahres R\u00fcckblick in Bild und Ton wurden vom Vereinsvorsitzenden Stefan Fuchs und Kommandanten Carsten Breunig auch langj\u00e4hrige Mitglieder f\u00fcr insgesamt 320 Jahre Feuerwehrdienst geehrt.<\/p>\n\n\n\n<p>F\u00fcr aktiven Dienst wurden geehrt: Philipp Gro\u00dfmann (10 Jahre), Sabine Arndt, Matthias Becker, Michael S\u00fc\u00dfner, Heiko Vogel, Stephan Wittmar (jeweils 20 Jahre) und Alexander Monert (30 Jahre).<\/p>\n\n\n\n<p>Dem stellvertretenden Kommandanten Christoph Becker sowie Anton Wolf wurde das Feuerwehr-Ehrenzeichen des Freistaates Bayern f\u00fcr 25 Jahre aktive Dienstzeit verliehen.<\/p>\n\n\n\n<p>Besonders beeindruckend waren die Ehrungen von Horst Baumgarten f\u00fcr 60 Jahre und Karl Klein f\u00fcr stolze 70 Jahre Feuerwehr. Beide waren seit Ihrer Jugend bis zum altersbedingten Ausscheiden aktive Feuerwehrm\u00e4nner. Auch danach blieben die beiden Ehrenmitglieder der Erlenbacher Feuerwehr treu und engagierten sich weiterhin im Verein.<\/p>\n\n\n\n<p>B\u00fcrgermeister Berninger dankte in seiner Ansprache ganz besonders den Geehrten, aber auch allen anderen Feuerwehrleuten f\u00fcr Ihren selbstlosen Dienst f\u00fcr die Allgemeinheit.<\/p>\n\n\n\nngg_shortcode_0_placeholder\n","protected":false},"excerpt":{"rendered":"<p>320 Jahre bei der Feuerwehr Erlenbacher Feuerwehr ehrt am Florianstag langj\u00e4hrige Mitglieder Erlenbach&nbsp; Nach zwei Jahren Corona-Pause konnte die Erlenbacher Feuerwehr endlich wieder am 07. Mai feierlich den Florianstag begehen. &#8230;<\/p>\n","protected":false},"author":4,"featured_media":0,"comment_status":"closed","ping_status":"closed","sticky":false,"template":"","format":"standard","meta":{"ngg_post_thumbnail":0,"footnotes":""},"categories":[32,194],"tags":[],"class_list":["post-20573","post","type-post","status-publish","format-standard","hentry","category-feuerwehr","category-verein"],"_links":{"self":[{"href":"https:\/\/ffw-erlenbach-stadt.de\/index.php\/wp-json\/wp\/v2\/posts\/20573","targetHints":{"allow":["GET"]}}],"collection":[{"href":"https:\/\/ffw-erlenbach-stadt.de\/index.php\/wp-json\/wp\/v2\/posts"}],"about":[{"href":"https:\/\/ffw-erlenbach-stadt.de\/index.php\/wp-json\/wp\/v2\/types\/post"}],"author":[{"embeddable":true,"href":"https:\/\/ffw-erlenbach-stadt.de\/index.php\/wp-json\/wp\/v2\/users\/4"}],"replies":[{"embeddable":true,"href":"https:\/\/ffw-erlenbach-stadt.de\/index.php\/wp-json\/wp\/v2\/comments?post=20573"}],"version-history":[{"count":1,"href":"https:\/\/ffw-erlenbach-stadt.de\/index.php\/wp-json\/wp\/v2\/posts\/20573\/revisions"}],"predecessor-version":[{"id":20577,"href":"https:\/\/ffw-erlenbach-stadt.de\/index.php\/wp-json\/wp\/v2\/posts\/20573\/revisions\/20577"}],"wp:attachment":[{"href":"https:\/\/ffw-erlenbach-stadt.de\/index.php\/wp-json\/wp\/v2\/media?parent=20573"}],"wp:term":[{"taxonomy":"category","embeddable":true,"href":"https:\/\/ffw-erlenbach-stadt.de\/index.php\/wp-json\/wp\/v2\/categories?post=20573"},{"taxonomy":"post_tag","embeddable":true,"href":"https:\/\/ffw-erlenbach-stadt.de\/index.php\/wp-json\/wp\/v2\/tags?post=20573"}],"curies":[{"name":"wp","href":"https:\/\/api.w.org\/{rel}","templated":true}]}}