{"id":18970,"date":"2020-02-21T11:27:42","date_gmt":"2020-02-21T10:27:42","guid":{"rendered":"http:\/\/ffw-erlenbach-stadt.de\/?p=18970"},"modified":"2023-01-01T15:31:18","modified_gmt":"2023-01-01T14:31:18","slug":"februar-streckendurchgang","status":"publish","type":"post","link":"https:\/\/ffw-erlenbach-stadt.de\/index.php\/2020\/02\/21\/februar-streckendurchgang\/","title":{"rendered":"Februar &#8211; Streckendurchgang"},"content":{"rendered":"\n<p>Streckendurchgang f\u00fcr Atemschutzger\u00e4tetr\u00e4ger<\/p>\n\n\n\n<p><strong><em>Am 19. Februar war der zweite Termin f\u00fcr einen Teil der Erlenbacher und Streiter Atemschutzger\u00e4tetr\u00e4ger f\u00fcr den j\u00e4hrlichen Pflichttermin auf der Atemschutzstrecke. Neben der Endlosleiter, dem Laufband, Handergometer und das Fahrrad-Ergometer musste anschlie\u00dfend die Strecke bew\u00e4lltigt werden. Start war ein aufgeheizter Raum, \u00fcber den Hindernis-Parcour im dunklen durch diverse Engstellen und 2 Rohre, abschlie\u00dfend durch einen stark verrauchten Raum.<\/em><\/strong><\/p>\n\n\n\n<p><strong><em>N\u00e4chster Streckendurchgang ist am 5. M\u00e4rz.<\/em><\/strong><\/p>\n\n\n\n<p><strong><em>Vielen Dank f\u00fcr die Organisation an unseren Leiter Atemschutz &#8222;Michael S\u00fcssner&#8220;<\/em><\/strong><\/p>\n\n\n\nngg_shortcode_0_placeholder\n","protected":false},"excerpt":{"rendered":"<p>Streckendurchgang f\u00fcr Atemschutzger\u00e4tetr\u00e4ger Am 19. Februar war der zweite Termin f\u00fcr einen Teil der Erlenbacher und Streiter Atemschutzger\u00e4tetr\u00e4ger f\u00fcr den j\u00e4hrlichen Pflichttermin auf der Atemschutzstrecke. Neben der Endlosleiter, dem Laufband, &#8230;<\/p>\n","protected":false},"author":4,"featured_media":0,"comment_status":"closed","ping_status":"closed","sticky":false,"template":"","format":"standard","meta":{"ngg_post_thumbnail":0,"footnotes":""},"categories":[33],"tags":[],"class_list":["post-18970","post","type-post","status-publish","format-standard","hentry","category-uebungen"],"_links":{"self":[{"href":"https:\/\/ffw-erlenbach-stadt.de\/index.php\/wp-json\/wp\/v2\/posts\/18970","targetHints":{"allow":["GET"]}}],"collection":[{"href":"https:\/\/ffw-erlenbach-stadt.de\/index.php\/wp-json\/wp\/v2\/posts"}],"about":[{"href":"https:\/\/ffw-erlenbach-stadt.de\/index.php\/wp-json\/wp\/v2\/types\/post"}],"author":[{"embeddable":true,"href":"https:\/\/ffw-erlenbach-stadt.de\/index.php\/wp-json\/wp\/v2\/users\/4"}],"replies":[{"embeddable":true,"href":"https:\/\/ffw-erlenbach-stadt.de\/index.php\/wp-json\/wp\/v2\/comments?post=18970"}],"version-history":[{"count":1,"href":"https:\/\/ffw-erlenbach-stadt.de\/index.php\/wp-json\/wp\/v2\/posts\/18970\/revisions"}],"predecessor-version":[{"id":18983,"href":"https:\/\/ffw-erlenbach-stadt.de\/index.php\/wp-json\/wp\/v2\/posts\/18970\/revisions\/18983"}],"wp:attachment":[{"href":"https:\/\/ffw-erlenbach-stadt.de\/index.php\/wp-json\/wp\/v2\/media?parent=18970"}],"wp:term":[{"taxonomy":"category","embeddable":true,"href":"https:\/\/ffw-erlenbach-stadt.de\/index.php\/wp-json\/wp\/v2\/categories?post=18970"},{"taxonomy":"post_tag","embeddable":true,"href":"https:\/\/ffw-erlenbach-stadt.de\/index.php\/wp-json\/wp\/v2\/tags?post=18970"}],"curies":[{"name":"wp","href":"https:\/\/api.w.org\/{rel}","templated":true}]}}