{"id":18470,"date":"2019-07-11T21:58:34","date_gmt":"2019-07-11T19:58:34","guid":{"rendered":"http:\/\/ffw-erlenbach-stadt.de\/?p=18470"},"modified":"2023-01-01T15:30:54","modified_gmt":"2023-01-01T14:30:54","slug":"monatsuebung-juli","status":"publish","type":"post","link":"https:\/\/ffw-erlenbach-stadt.de\/index.php\/2019\/07\/11\/monatsuebung-juli\/","title":{"rendered":"Monats\u00fcbung Juli"},"content":{"rendered":"\n<p><strong>Monats\u00fcbung \u201elange Schlauchstrecke\u201c am 10.07.2019<\/strong><\/p>\n\n\n\n<p>Am Mittwoch trafen wir uns zur Monats\u00fcbung Juli. Es\n wurde ein Vollbrand eines Wohngeb\u00e4udes am Waldrand zwischen Erlenbach \nund dem ICO angenommen, f\u00fcr den eine lange Schlauchstrecke ben\u00f6tigt \nwird. Als Wasserentnahmestelle wurde das Ufer\n am Sportboothafen bestimmt.<\/p>\n\n\n\n<p>Zun\u00e4chst wurden vier verschiedene M\u00f6glichkeiten zur\n Ermittlung der Pumpenabst\u00e4nde getestet \u2013 unter Anderem auch mittels der\n App \u201eFireYak\u201c.<\/p>\n\n\n\n<p>Anschlie\u00dfend wurde mit verk\u00fcrzten Strecken eine \nWasserf\u00f6rderung mit \u201eoffener Schaltreihe\u201c aufgebaut: Wasserentnahme am \nSportboothafen, eine Verst\u00e4rkerpumpe (Vorbaupumpe LF8) und anschlie\u00dfend \nder 5.000 Liter Faltbeh\u00e4lter vor der Einsatzstelle\n am TLF 16\/25.<\/p>\n\n\n\n<p>Besonders interessant war der enorme Anstieg des  Reibungsverlustes durch den offenen Auslauf und auch das gro\u00dfe  F\u00f6rdervolumen von bis zu 2.000 Litern\/Minute \u00fcber eine B-Leitung. Die  Pumpenabst\u00e4nde haben sich dadurch auf 120-150 Meter verk\u00fcrzt,  anstatt urspr\u00fcnglich bemessen ca. 500-550 Meter Pumpenabstand bei  regul\u00e4r 1,2 Bar Druckverlust auf 100m L\u00e4nge in der Ebene.  <\/p>\n\n\n\n<p>                                                                                                              <em> Bericht: Becker Christoph  <\/em>                   <\/p>\n\n\n\n<p> <\/p>\n\n\n\n<p><\/p>\n\n\n\n<p>Vielen Dank f\u00fcr die tolle Vorbereitung und Durchf\u00fchrung der \u00dcbung an unseren 2. Kdt. Becker Christoph.<\/p>\n\n\n\n<p><\/p>\n\n\n\nngg_shortcode_0_placeholder\n\n\n\n<p><\/p>\n\n\n\n<p><\/p>\n","protected":false},"excerpt":{"rendered":"<p>Monats\u00fcbung \u201elange Schlauchstrecke\u201c am 10.07.2019 Am Mittwoch trafen wir uns zur Monats\u00fcbung Juli. Es wurde ein Vollbrand eines Wohngeb\u00e4udes am Waldrand zwischen Erlenbach und dem ICO angenommen, f\u00fcr den eine &#8230;<\/p>\n","protected":false},"author":4,"featured_media":0,"comment_status":"closed","ping_status":"closed","sticky":false,"template":"","format":"standard","meta":{"ngg_post_thumbnail":0,"footnotes":""},"categories":[33],"tags":[],"class_list":["post-18470","post","type-post","status-publish","format-standard","hentry","category-uebungen"],"_links":{"self":[{"href":"https:\/\/ffw-erlenbach-stadt.de\/index.php\/wp-json\/wp\/v2\/posts\/18470","targetHints":{"allow":["GET"]}}],"collection":[{"href":"https:\/\/ffw-erlenbach-stadt.de\/index.php\/wp-json\/wp\/v2\/posts"}],"about":[{"href":"https:\/\/ffw-erlenbach-stadt.de\/index.php\/wp-json\/wp\/v2\/types\/post"}],"author":[{"embeddable":true,"href":"https:\/\/ffw-erlenbach-stadt.de\/index.php\/wp-json\/wp\/v2\/users\/4"}],"replies":[{"embeddable":true,"href":"https:\/\/ffw-erlenbach-stadt.de\/index.php\/wp-json\/wp\/v2\/comments?post=18470"}],"version-history":[{"count":2,"href":"https:\/\/ffw-erlenbach-stadt.de\/index.php\/wp-json\/wp\/v2\/posts\/18470\/revisions"}],"predecessor-version":[{"id":18485,"href":"https:\/\/ffw-erlenbach-stadt.de\/index.php\/wp-json\/wp\/v2\/posts\/18470\/revisions\/18485"}],"wp:attachment":[{"href":"https:\/\/ffw-erlenbach-stadt.de\/index.php\/wp-json\/wp\/v2\/media?parent=18470"}],"wp:term":[{"taxonomy":"category","embeddable":true,"href":"https:\/\/ffw-erlenbach-stadt.de\/index.php\/wp-json\/wp\/v2\/categories?post=18470"},{"taxonomy":"post_tag","embeddable":true,"href":"https:\/\/ffw-erlenbach-stadt.de\/index.php\/wp-json\/wp\/v2\/tags?post=18470"}],"curies":[{"name":"wp","href":"https:\/\/api.w.org\/{rel}","templated":true}]}}