{"id":18413,"date":"2019-06-18T11:48:57","date_gmt":"2019-06-18T09:48:57","guid":{"rendered":"http:\/\/ffw-erlenbach-stadt.de\/?p=18413"},"modified":"2023-01-01T15:30:49","modified_gmt":"2023-01-01T14:30:49","slug":"monatsuebung-juni","status":"publish","type":"post","link":"https:\/\/ffw-erlenbach-stadt.de\/index.php\/2019\/06\/18\/monatsuebung-juni\/","title":{"rendered":"Monats\u00fcbung Juni"},"content":{"rendered":"\n<p><em><strong>Am 12. Juni fand unsere Monats\u00fcbung Juni in Form einer Pr\u00e4sentation und Gruppenarbeit statt. Michael S\u00fc\u00dfner und J\u00fcrgen Dietz (Leiter der WF ICO) stellten den Einsatz und den Atemschutznotfall \u201eMarne\u201c 2015 vor, der f\u00fcr einen Atemschutzger\u00e4tetr\u00e4ger leider t\u00f6dlich endete.<br>In Gruppen erarbeiteten wir Einsatzgrunds\u00e4tze und Vorgehensweisen sowohl f\u00fcr die Atemschutzger\u00e4tetr\u00e4ger und -trupps als auch allgemein f\u00fcr den gesamten Einsatzablauf \u2013 von der Einsatzf\u00fchrung bis hin zu der sog. \u201eAnleiterbereitschaft\u201c oder dem Schlauchmanagement.<br>Drei Gruppen pr\u00e4sentierten jeweils ihre Ergebnisse, die anschlie\u00dfend von J\u00fcrgen Dietz nochmals zusammengefasst und als Einsatzempfehlung dargestellt wurden.<br>Es war ein \u00e4u\u00dferst leerreicher Abend, bei dem wir \u00fcber viele Verhaltensweisen nochmals nachdenken konnten und f\u00fcr unsere Eins\u00e4tze mitgenommen haben. Auch Nicht-Atemschutzger\u00e4tetr\u00e4ger haben hier ganz sicher viele wichtige Anregungen mitnehmen k\u00f6nnen.<br>Vielen Dank J\u00fcrgen und Sweet f\u00fcr diese Schulung! <\/strong><\/em><\/p>\n\n\n\nngg_shortcode_0_placeholder\n","protected":false},"excerpt":{"rendered":"<p>Am 12. Juni fand unsere Monats\u00fcbung Juni in Form einer Pr\u00e4sentation und Gruppenarbeit statt. Michael S\u00fc\u00dfner und J\u00fcrgen Dietz (Leiter der WF ICO) stellten den Einsatz und den Atemschutznotfall \u201eMarne\u201c &#8230;<\/p>\n","protected":false},"author":4,"featured_media":0,"comment_status":"closed","ping_status":"closed","sticky":false,"template":"","format":"standard","meta":{"ngg_post_thumbnail":0,"footnotes":""},"categories":[33],"tags":[],"class_list":["post-18413","post","type-post","status-publish","format-standard","hentry","category-uebungen"],"_links":{"self":[{"href":"https:\/\/ffw-erlenbach-stadt.de\/index.php\/wp-json\/wp\/v2\/posts\/18413","targetHints":{"allow":["GET"]}}],"collection":[{"href":"https:\/\/ffw-erlenbach-stadt.de\/index.php\/wp-json\/wp\/v2\/posts"}],"about":[{"href":"https:\/\/ffw-erlenbach-stadt.de\/index.php\/wp-json\/wp\/v2\/types\/post"}],"author":[{"embeddable":true,"href":"https:\/\/ffw-erlenbach-stadt.de\/index.php\/wp-json\/wp\/v2\/users\/4"}],"replies":[{"embeddable":true,"href":"https:\/\/ffw-erlenbach-stadt.de\/index.php\/wp-json\/wp\/v2\/comments?post=18413"}],"version-history":[{"count":2,"href":"https:\/\/ffw-erlenbach-stadt.de\/index.php\/wp-json\/wp\/v2\/posts\/18413\/revisions"}],"predecessor-version":[{"id":18423,"href":"https:\/\/ffw-erlenbach-stadt.de\/index.php\/wp-json\/wp\/v2\/posts\/18413\/revisions\/18423"}],"wp:attachment":[{"href":"https:\/\/ffw-erlenbach-stadt.de\/index.php\/wp-json\/wp\/v2\/media?parent=18413"}],"wp:term":[{"taxonomy":"category","embeddable":true,"href":"https:\/\/ffw-erlenbach-stadt.de\/index.php\/wp-json\/wp\/v2\/categories?post=18413"},{"taxonomy":"post_tag","embeddable":true,"href":"https:\/\/ffw-erlenbach-stadt.de\/index.php\/wp-json\/wp\/v2\/tags?post=18413"}],"curies":[{"name":"wp","href":"https:\/\/api.w.org\/{rel}","templated":true}]}}