{"id":17928,"date":"2019-04-07T13:10:39","date_gmt":"2019-04-07T11:10:39","guid":{"rendered":"http:\/\/ffw-erlenbach-stadt.de\/?p=17928"},"modified":"2023-01-01T15:30:35","modified_gmt":"2023-01-01T14:30:35","slug":"leistungsabzeichen","status":"publish","type":"post","link":"https:\/\/ffw-erlenbach-stadt.de\/index.php\/2019\/04\/07\/leistungsabzeichen\/","title":{"rendered":"Leistungsabzeichen"},"content":{"rendered":"\n<p>Am Samstag, 6. April fand die Abnahme der Leistungspr\u00fcfung \u201eGruppe im L\u00f6scheinsatz\u201c statt. Die Feuerwehren Erlenbach \/ Mechenhard \/ Streit traten nach einer Woche Vorbereitung ab 14 Uhr zur Pr\u00fcfung in 3 Gruppen an. Unter den Augen der Schiedsrichter, KBI Johannes Becker, KBM Thomas Zimmermann und KBM Ausbildung Martin Spilger musste jede Gruppe neben den Gruppenaufbau, Knoten und Stiche, kuppeln einer Saugleitung auch verschiedene theoretische Fragen unter bestimmten Zeitvorgaben durchf\u00fchren bzw. beantworten. Die Besetzung innerhalb der Gruppe wurde ab der Stufe 2 (SILBER) ausgelost. Nach erfolgreich abgelegten Pr\u00fcfungen wurden die Abzeichen \u00fcberreicht und anschlie\u00dfend noch einige Zeit in gem\u00fctlicher Runde bei Essen und Trinken zusammengesessen.<\/p>\n\n\n\n<p><strong>Ein Dank and die Ausbilder:<\/strong><\/p>\n\n\n\n<p><em>Kdt. Carsten Breunig, stell. Kdt. Christoph Becker, KBM Thomas Zimmermann und Christina Schmitt.<\/em><\/p>\n\n\n\n<p><strong>Ein Dank f\u00fcr die Verpflegung danach:<\/strong><\/p>\n\n\n\n<p><em>Gosbert Scholz, Christian Buhleier und Vorstand Stefan Fuchs<\/em><\/p>\n\n\n\n<p><strong>Ein Dank an den Sponsor:<\/strong><\/p>\n\n\n\n<p><em>Stadt Erlenbach<\/em><\/p>\n\n\n\n<p class=\"has-medium-font-size\"><strong>Herzlichen Gl\u00fcckwunsch an die Kameraden:<\/strong><\/p>\n\n\n\n<p class=\"has-medium-font-size\"><strong>Stufe 1 &#8211; BRONZE<\/strong><\/p>\n\n\n\n<p>Bauer Alexander, Witteck Christian, Renz Raphael, Hein Jonas\n<em>(FF Erlenbach)<\/em><\/p>\n\n\n\n<p>Farrenkopf Daniel <em>(FF\nStreit)<\/em><\/p>\n\n\n\n<p>M\u00fcller Bernd <em>(FF\nMechenhard)<\/em><\/p>\n\n\n\n<p class=\"has-medium-font-size\"><strong>Stufe 2 \u2013 SILBER<\/strong><\/p>\n\n\n\n<p>Br\u00f6mel Philip, F\u00e4th Leon, Schurz Fabian <em>(FF Erlenbach)<\/em><\/p>\n\n\n\n<p>Prager Florian <em>(FF\nStreit)<\/em><\/p>\n\n\n\n<p class=\"has-medium-font-size\"><strong>Stufe 3 \u2013 GOLD<\/strong><\/p>\n\n\n\n<p>Mathy Marcel, Weitzel Christian, Waigand Simon <em>(FF Erlenbach)<\/em><\/p>\n\n\n\n<p>\u00dchlein Christina <em>(FF\nMechenhard)<\/em><\/p>\n\n\n\n<p class=\"has-medium-font-size\"><strong>Stufe 4 \u2013 GOLD\/BLAU <\/strong><\/p>\n\n\n\n<p>Popp Andreas <em>(FF\nErlenbach)<\/em><\/p>\n\n\n\n<p>Unkelbach Frank <em>(FF\nMechenhard)<\/em><\/p>\n\n\n\n<p class=\"has-medium-font-size\"><strong>Stufe 5 \u2013 GOLD\/GR\u00dcN<\/strong><\/p>\n\n\n\n<p>Becker Matthias, Knecht Marco <em>(FF Erlenbach)<\/em><\/p>\n\n\n\n<p class=\"has-medium-font-size\"><strong>Stufe 6 \u2013 GOLD\/ROT<\/strong><\/p>\n\n\n\n<p>M\u00fcller Stefan, S\u00fcssner Michael, Gansel Michael, H\u00f6rnig Bernd<em> (FF Erlenbach)<\/em><\/p>\n\n\n\nngg_shortcode_0_placeholder\n","protected":false},"excerpt":{"rendered":"<p>Am Samstag, 6. April fand die Abnahme der Leistungspr\u00fcfung \u201eGruppe im L\u00f6scheinsatz\u201c statt. Die Feuerwehren Erlenbach \/ Mechenhard \/ Streit traten nach einer Woche Vorbereitung ab 14 Uhr zur Pr\u00fcfung &#8230;<\/p>\n","protected":false},"author":4,"featured_media":17929,"comment_status":"closed","ping_status":"closed","sticky":false,"template":"","format":"standard","meta":{"ngg_post_thumbnail":0,"footnotes":""},"categories":[33],"tags":[],"class_list":["post-17928","post","type-post","status-publish","format-standard","has-post-thumbnail","hentry","category-uebungen"],"_links":{"self":[{"href":"https:\/\/ffw-erlenbach-stadt.de\/index.php\/wp-json\/wp\/v2\/posts\/17928","targetHints":{"allow":["GET"]}}],"collection":[{"href":"https:\/\/ffw-erlenbach-stadt.de\/index.php\/wp-json\/wp\/v2\/posts"}],"about":[{"href":"https:\/\/ffw-erlenbach-stadt.de\/index.php\/wp-json\/wp\/v2\/types\/post"}],"author":[{"embeddable":true,"href":"https:\/\/ffw-erlenbach-stadt.de\/index.php\/wp-json\/wp\/v2\/users\/4"}],"replies":[{"embeddable":true,"href":"https:\/\/ffw-erlenbach-stadt.de\/index.php\/wp-json\/wp\/v2\/comments?post=17928"}],"version-history":[{"count":1,"href":"https:\/\/ffw-erlenbach-stadt.de\/index.php\/wp-json\/wp\/v2\/posts\/17928\/revisions"}],"predecessor-version":[{"id":18001,"href":"https:\/\/ffw-erlenbach-stadt.de\/index.php\/wp-json\/wp\/v2\/posts\/17928\/revisions\/18001"}],"wp:featuredmedia":[{"embeddable":true,"href":"https:\/\/ffw-erlenbach-stadt.de\/index.php\/wp-json\/wp\/v2\/media\/17929"}],"wp:attachment":[{"href":"https:\/\/ffw-erlenbach-stadt.de\/index.php\/wp-json\/wp\/v2\/media?parent=17928"}],"wp:term":[{"taxonomy":"category","embeddable":true,"href":"https:\/\/ffw-erlenbach-stadt.de\/index.php\/wp-json\/wp\/v2\/categories?post=17928"},{"taxonomy":"post_tag","embeddable":true,"href":"https:\/\/ffw-erlenbach-stadt.de\/index.php\/wp-json\/wp\/v2\/tags?post=17928"}],"curies":[{"name":"wp","href":"https:\/\/api.w.org\/{rel}","templated":true}]}}