{"id":17879,"date":"2019-03-31T16:10:46","date_gmt":"2019-03-31T14:10:46","guid":{"rendered":"http:\/\/ffw-erlenbach-stadt.de\/?p=17879"},"modified":"2023-01-01T15:30:29","modified_gmt":"2023-01-01T14:30:29","slug":"gruppenuebung-maerz","status":"publish","type":"post","link":"https:\/\/ffw-erlenbach-stadt.de\/index.php\/2019\/03\/31\/gruppenuebung-maerz\/","title":{"rendered":"Gruppen\u00fcbung M\u00e4rz"},"content":{"rendered":"\n<p><strong>L\u00f6schgruppe M\u00fcller<\/strong><\/p>\n\n\n\n<p><em>Am 25. M\u00e4rz fand eine weitere Gruppen\u00fcbung statt. Thema &#8222;Personenrettung \u00fcber z. B. Gew\u00e4sser oder Schlucht mittels Greifzug und Schleifkorbtrage&#8220; und &#8222;Tauchpumpen&#8220; Die Ausbildung wurde in 2 Stationen aufgeteilt, somit hatte jeder die M\u00f6glichkeit mit allen Ger\u00e4te zu arbeiten.  Vielen Dank f\u00fcr die Vorbereitung und Durchf\u00fchrung der \u00dcbung an Ausbildungsleiter GF M\u00fcller Stephan.<\/em><\/p>\n\n\n\nngg_shortcode_0_placeholder\n","protected":false},"excerpt":{"rendered":"<p>L\u00f6schgruppe M\u00fcller Am 25. M\u00e4rz fand eine weitere Gruppen\u00fcbung statt. Thema &#8222;Personenrettung \u00fcber z. B. Gew\u00e4sser oder Schlucht mittels Greifzug und Schleifkorbtrage&#8220; und &#8222;Tauchpumpen&#8220; Die Ausbildung wurde in 2 Stationen &#8230;<\/p>\n","protected":false},"author":4,"featured_media":0,"comment_status":"closed","ping_status":"closed","sticky":false,"template":"","format":"standard","meta":{"ngg_post_thumbnail":0,"footnotes":""},"categories":[33],"tags":[],"class_list":["post-17879","post","type-post","status-publish","format-standard","hentry","category-uebungen"],"_links":{"self":[{"href":"https:\/\/ffw-erlenbach-stadt.de\/index.php\/wp-json\/wp\/v2\/posts\/17879","targetHints":{"allow":["GET"]}}],"collection":[{"href":"https:\/\/ffw-erlenbach-stadt.de\/index.php\/wp-json\/wp\/v2\/posts"}],"about":[{"href":"https:\/\/ffw-erlenbach-stadt.de\/index.php\/wp-json\/wp\/v2\/types\/post"}],"author":[{"embeddable":true,"href":"https:\/\/ffw-erlenbach-stadt.de\/index.php\/wp-json\/wp\/v2\/users\/4"}],"replies":[{"embeddable":true,"href":"https:\/\/ffw-erlenbach-stadt.de\/index.php\/wp-json\/wp\/v2\/comments?post=17879"}],"version-history":[{"count":1,"href":"https:\/\/ffw-erlenbach-stadt.de\/index.php\/wp-json\/wp\/v2\/posts\/17879\/revisions"}],"predecessor-version":[{"id":17889,"href":"https:\/\/ffw-erlenbach-stadt.de\/index.php\/wp-json\/wp\/v2\/posts\/17879\/revisions\/17889"}],"wp:attachment":[{"href":"https:\/\/ffw-erlenbach-stadt.de\/index.php\/wp-json\/wp\/v2\/media?parent=17879"}],"wp:term":[{"taxonomy":"category","embeddable":true,"href":"https:\/\/ffw-erlenbach-stadt.de\/index.php\/wp-json\/wp\/v2\/categories?post=17879"},{"taxonomy":"post_tag","embeddable":true,"href":"https:\/\/ffw-erlenbach-stadt.de\/index.php\/wp-json\/wp\/v2\/tags?post=17879"}],"curies":[{"name":"wp","href":"https:\/\/api.w.org\/{rel}","templated":true}]}}