{"id":17616,"date":"2019-01-31T10:56:15","date_gmt":"2019-01-31T09:56:15","guid":{"rendered":"http:\/\/ffw-erlenbach-stadt.de\/?p=17616"},"modified":"2023-01-01T15:29:38","modified_gmt":"2023-01-01T14:29:38","slug":"zimmerbrand-in-helios-klinik-erlenbach","status":"publish","type":"post","link":"https:\/\/ffw-erlenbach-stadt.de\/index.php\/2019\/01\/31\/zimmerbrand-in-helios-klinik-erlenbach\/","title":{"rendered":"Zimmerbrand in Helios Klinik Erlenbach"},"content":{"rendered":"\n<p><strong>Unangek\u00fcndigte Alarm\u00fcbung stellt Feuerwehr und Klinik auf die Probe<\/strong><\/p>\n\n\n\n<p>Erlenbach.\n\u00dcbung f\u00fcr den Ernstfall: am Dienstag, den 29. Januar 2019 fand in der Helios\nKlinik Erlenbach ein unangek\u00fcndigter \u00dcbungseinsatz der Feuerwehren statt. Gegen\n19:30 Uhr alarmierte die Integrierte Leitstelle Untermain die Feuerwehren\nErlenbach, Mechenhard, Streit und die Drehleiter der Werkfeuerwehr ICO zur\nHelios Klinik Erlenbach, nachdem dort die automatische Brandmeldeanlage\nausgel\u00f6st hat. Zuvor wurde die Station 2B mit Nebelmaschinen v\u00f6llig verraucht,\num die \u00dcbung m\u00f6glichst realistisch nachzustellen. Insgesamt elf Erwachsene und\nJugendliche wurden als Verletztendarsteller versteckt. Klinikgesch\u00e4ftsf\u00fchrer\nSven Axt betont die Bedeutung solcher \u00dcbungen: \u201eWir wollen nichts dem Zufall\n\u00fcberlassen. Im Ernstfall z\u00e4hlt jede Minute und es ist unsere Pflicht und unser\npers\u00f6nlicher Anspruch, unsere Patienten in jeder Situation zu sch\u00fctzen.\u201c <\/p>\n\n\n\n<p>Unmittelbar\nnach Eintreffen verschaffte sich Einsatzleiter Carsten Breunig von der\nErlenbacher Feuerwehr einen \u00dcberblick \u00fcber die Lage. Das Pflegepersonal der\nHelios Klinik Erlenbach reagierte vorbildlich und hatte bereits einige\nPatienten in Sicherheit gebracht. Au\u00dferdem informierte es den Einsatzleiter\n\u00fcber elf, teilweise nicht gehf\u00e4hige Personen, die noch vermisst wurden. Sofort\nbegannen zahlreiche Trupps unter Atemschutz die Station systematisch nach den\nVermissten zu durchsuchen. W\u00e4rmebildkameras leisteten dabei wertvolle Hilfe, da\nsie trotz dichtem Rauch Menschen sichtbar machen. Sieben Menschen konnten auf\ndiese Weise z\u00fcgig gerettet werden, vier weitere wurden von au\u00dfen \u00fcber die\nDrehleiter in Sicherheit gebracht. Parallel zur Menschenrettung richteten\nweitere Feuerwehrleute eine zentrale Verletztensammelstelle im Erdgeschoss der\nKlinik ein. Dort wurden alle Geretteten registriert und vom \u00c4rztlichen Direktor\nDr. Siegfried Beller untersucht. Zwei Personen wurden zur weiteren Behandlung\nin die Notaufnahme gebracht.<\/p>\n\n\n\n<p>W\u00e4hrend\nder Rettungsma\u00dfnahmen nahmen die Einsatzkr\u00e4fte mit speziellen\nHochleistungsl\u00fcftern eine \u201etaktische Bel\u00fcftung\u201c der Fluchttreppenh\u00e4user vor, um\nsie in jedem Falle rauchfrei zu halten. Zeitgleich wurde von einem weiteren\nAtemschutztrupp die Brandbek\u00e4mpfung durchgef\u00fchrt. \u00c4u\u00dferst hilfreich war dabei\ndie in der Klinik verbaute Steigleitung. Sie erm\u00f6glichte es der Feuerwehr, im\nBereich des Haupteinganges L\u00f6schwasser einzuspeisen und ohne aufw\u00e4ndiges\nVerlegen von Schl\u00e4uchen in den betroffenen Bereichen einzusetzen.<\/p>\n\n\n\n<p>Bei der Abschlussbesprechung im Erlenbacher Feuerwehrhaus\nres\u00fcmierte Kreisbrandmeister Thomas Zimmermann, dass alle\nSicherheitseinrichtungen in der Klinik optimal funktionierten. So haben\nbeispielsweise automatische Rauchschutzt\u00fcren und abgedichtete Kabelkan\u00e4le\nverhindert, dass sich der Rauch auf andere Stationen ausbreitet.\nKlinikgesch\u00e4ftsf\u00fchrer Sven Axt dankte den Wehrleuten mit einer Vesper f\u00fcr die\n\u00dcbung und bot an, solche Einsatzszenarien in der Klinik regelhaft zu \u00fcben, um\nAbl\u00e4ufe und Taktik stetig zu verbessern.<\/p>\n\n\n\n<p>Verfasser: <\/p>\n\n\n\n<p>Alexander Monert (Pressewart\nFF Erlenbach) und Sandra Kern (Unternehmenskommunikation Helios Klinik)<\/p>\n\n\n\nngg_shortcode_0_placeholder\n\n\n\n<p>Fotos: <\/p>\n\n\n\n<p>Feuerwehr Erlenbach<\/p>\n","protected":false},"excerpt":{"rendered":"<p>Unangek\u00fcndigte Alarm\u00fcbung stellt Feuerwehr und Klinik auf die Probe Erlenbach. \u00dcbung f\u00fcr den Ernstfall: am Dienstag, den 29. Januar 2019 fand in der Helios Klinik Erlenbach ein unangek\u00fcndigter \u00dcbungseinsatz der &#8230;<\/p>\n","protected":false},"author":9,"featured_media":17618,"comment_status":"closed","ping_status":"closed","sticky":false,"template":"","format":"standard","meta":{"ngg_post_thumbnail":0,"footnotes":""},"categories":[33],"tags":[],"class_list":["post-17616","post","type-post","status-publish","format-standard","has-post-thumbnail","hentry","category-uebungen"],"_links":{"self":[{"href":"https:\/\/ffw-erlenbach-stadt.de\/index.php\/wp-json\/wp\/v2\/posts\/17616","targetHints":{"allow":["GET"]}}],"collection":[{"href":"https:\/\/ffw-erlenbach-stadt.de\/index.php\/wp-json\/wp\/v2\/posts"}],"about":[{"href":"https:\/\/ffw-erlenbach-stadt.de\/index.php\/wp-json\/wp\/v2\/types\/post"}],"author":[{"embeddable":true,"href":"https:\/\/ffw-erlenbach-stadt.de\/index.php\/wp-json\/wp\/v2\/users\/9"}],"replies":[{"embeddable":true,"href":"https:\/\/ffw-erlenbach-stadt.de\/index.php\/wp-json\/wp\/v2\/comments?post=17616"}],"version-history":[{"count":1,"href":"https:\/\/ffw-erlenbach-stadt.de\/index.php\/wp-json\/wp\/v2\/posts\/17616\/revisions"}],"predecessor-version":[{"id":17642,"href":"https:\/\/ffw-erlenbach-stadt.de\/index.php\/wp-json\/wp\/v2\/posts\/17616\/revisions\/17642"}],"wp:featuredmedia":[{"embeddable":true,"href":"https:\/\/ffw-erlenbach-stadt.de\/index.php\/wp-json\/wp\/v2\/media\/17618"}],"wp:attachment":[{"href":"https:\/\/ffw-erlenbach-stadt.de\/index.php\/wp-json\/wp\/v2\/media?parent=17616"}],"wp:term":[{"taxonomy":"category","embeddable":true,"href":"https:\/\/ffw-erlenbach-stadt.de\/index.php\/wp-json\/wp\/v2\/categories?post=17616"},{"taxonomy":"post_tag","embeddable":true,"href":"https:\/\/ffw-erlenbach-stadt.de\/index.php\/wp-json\/wp\/v2\/tags?post=17616"}],"curies":[{"name":"wp","href":"https:\/\/api.w.org\/{rel}","templated":true}]}}