{"id":17497,"date":"2019-01-12T15:58:44","date_gmt":"2019-01-12T14:58:44","guid":{"rendered":"http:\/\/ffw-erlenbach-stadt.de\/?p=17497"},"modified":"2019-06-03T20:04:05","modified_gmt":"2019-06-03T18:04:05","slug":"jahreshauptversammlung-incl-neuwahlen","status":"publish","type":"post","link":"https:\/\/ffw-erlenbach-stadt.de\/index.php\/2019\/01\/12\/jahreshauptversammlung-incl-neuwahlen\/","title":{"rendered":"Jahreshauptversammlung incl. NEUWAHLEN"},"content":{"rendered":"\n<p><strong>F\u00fchrungswechsel bei der Erlenbacher Feuerwehr<\/strong><\/p>\n\n\n\n<p>Carsten Breunig zum Kommandanten und Stefan Fuchs zum Vereinsvorsitzenden gew\u00e4hlt<\/p>\n\n\n\n<p><strong>Erlenbach<\/strong>&nbsp;&nbsp; Vereinsvorstand Simon Waigand konnte bei der\nJahreshauptversammlung der Erlenbacher Feuerwehr gut 100 G\u00e4ste begr\u00fc\u00dfen. In\nseinem Jahresr\u00fcckblick berichtete er von einem sehr ereignisreichen Jahr mit\nvielen Aktivit\u00e4ten der 168 Mitglieder. Besonderheit war, dass erstmals aus eigenen\n\u00c4pfeln ein \u201eFeuerwehr-Apfelwein\u201c gemacht wurde, der bei einem neuen \u201e\u00c4bbelwoi-Fest\u201c\nin 2019 ausgeschenkt werden soll.<\/p>\n\n\n\n<p>Kommandant\nThomas Zimmermann freute sich, mit Alexander Bauer, Leon F\u00e4th und Marko\nPrescher drei neue Mitglieder in die aktive Feuerwehr aufzunehmen. Wie wichtig\nes ist, ausreichend und gut ausgebildete Feuerwehrleute zu haben, zeigte der\nBericht \u00fcber die 86 Eins\u00e4tze im Jahr 2018. Vom eingeklemmten kleinen Vogel \u00fcber\nBr\u00e4nde und Unf\u00e4lle bis hin zu \u00fcber\u00f6rtlicher Unterst\u00fctzung bei Gro\u00dfbr\u00e4nden wurde\neine gro\u00dfe Bandbreite von den Erlenbacher Einsatzkr\u00e4ften abgefordert. Um daf\u00fcr\nauch ger\u00fcstet zu sein, wurden rund 50 \u00dcbungen und Unterrichte durchgef\u00fchrt. Zus\u00e4tzlich\nbildeten sich zahlreiche Kameraden bei Lehrg\u00e4ngen auf Landkreisebene oder an\nden staatlichen Feuerwehrschulen weiter. Den Mitgliederstand gab Zimmermann mit\n58 Aktiven (davon 5 weiblich), 2 Anw\u00e4rtern und 7 Jugendlichen (davon 2\nweiblich) an. <\/p>\n\n\n\n<p>F\u00fcr die Gruppenf\u00fchrer gab Stefan Hofer einen\nR\u00fcckblick. Er erl\u00e4uterte dabei einige \u00dcbungen genauer und ging auf deren\nBesonderheiten ein. So wurde z.B. ein Brand im Weinberg angenommen. Die Wege\ndort k\u00f6nnen nicht von schwerenTankl\u00f6schfahrzeugen befahren werden, so dass das Verlegen\neiner Schlauchleitung vom Main erforderlich ist. Hier stellt der gro\u00dfe\nH\u00f6henunterschied die Feuerwehr allerdings vor die n\u00e4chste Herausforderung, die\nnur durch den Einsatz weiterer Verst\u00e4rkerpumpen im Weinberg bew\u00e4ltigt werden kann.\nVon den Spezialisten Teams wurde au\u00dferdem der Einsatz mit der Drohne trainiert\nund die Messleitkomponente beteiligte sich zus\u00e4tzlich an \u00dcbungen auf\nLandkreisebene. Vom Brandschutzerziehungsteam wurden im letzten Jahr 162\nKindergarten- und Grundschulkinder unterrichtet.<\/p>\n\n\n\n<p>Die Jugendwarte Andreas Popp, Marcel Mathy, Marco\nKnecht und Leon F\u00e4th berichteten \u00fcber 44 \u00dcbungen der Jugendfeuerwehr. Highlight\nwar der Berufsfeuerwehrtag, bei dem auch zusammen mit der Streiter und der\nElsenfelder Feuerwehr ge\u00fcbt wurde. Anne Bader, Bryan Bechtold, Benedikt Jentsch\nund Leon Ludwig legten au\u00dferdem mit Erfolg die Bayerische Jugendleistungspr\u00fcfung\nab. Gosbert Scholz gab einen R\u00fcckblick auf die Aktivit\u00e4ten der Jungen Alten.\nNeben zahlreichen Wanderungen und geselligen Veranstaltungen wurden auch Arbeitseins\u00e4tze,\nwie dem Freischneiden des Uferweges am Main durchgef\u00fchrt. F\u00fcr das Musikkorps\nder Feuerwehr lies Gudrun Kaufmann das letzte Jahr Revue passieren.<\/p>\n\n\n\n<p>Ufuk\nDurmaz und Andreas Popp wurden f\u00fcr 10 Jahre aktiven Feuerwehrdienst geehrt.\nChristian Buhleier erhielt ein Pr\u00e4sent f\u00fcr 50 Jahre Mitgliedschaft im\nFeuerwehrverein und Rudi Gro\u00dfmann wurde zum Ehrenmitglied ernannt. Vanessa\nM\u00fcller bekam einen Blumenstrau\u00df, da sie nach 8 Jahren als Schriftf\u00fchrerin\nausschied.<\/p>\n\n\n\n<p>B\u00fcrgermeister Michael\nBerninger dankte allen Feuerwehrleuten f\u00fcr deren Dienst in \u201edem Ehrenamt\nschlechthin\u201c, bei dem Leib und Leben f\u00fcr Andere eingesetzt wird. Einen ganz\nbesonderen Dank im Namen aller Erlenbacher B\u00fcrger sprach er dem scheidenden\nKommandanten Zimmermann aus, der 13 Jahre an der Spitze der Wehr Verantwortung\ntrug. In seiner Amtszeit f\u00fchrte er bei der Fusion die damals selbstst\u00e4ndigen\nErlenbacher Feuerwehren Ort und Siedlung erfolgreich zusammen. Au\u00dferdem sorgte\ner f\u00fcr eine Modernisierung der Wehr. Mit stehenden Ovationen bekundeten alle\nAnwesenden ihre Anerkennung. Das Musikkorps spielte zu einem Standkonzert auf. Bei\nden anschlie\u00dfenden Neuwahlen wurde Carsten Breunig zum neuen Kommandanten\ngew\u00e4hlt und Christoph Becker zu seinem Stellvertreter. An der Spitze des Feuerwehrvereines\nsteht k\u00fcnftig Stefan Fuchs als Vorstand, Simon Waigand ist stellv.\nVorsitzender. In die weiteren \u00c4mter wurden gew\u00e4hlt: Martin Nebauer (Kassier),\nMaximilian Arzt (Schriftf\u00fchrer), Alexander Monert (Pressewart), Matthias Becker\nund Bj\u00f6rn J\u00e4schke (Vertrauensleute) sowie David Abb und Philipp Gro\u00dfmann\n(Kassenpr\u00fcfer).\n\nMit dem singen des Kreisfeuerwehrliedes wurde die Versammlung beendet.\n\n\n\n<\/p>\n\n\n\nngg_shortcode_0_placeholder\n","protected":false},"excerpt":{"rendered":"<p>F\u00fchrungswechsel bei der Erlenbacher Feuerwehr Carsten Breunig zum Kommandanten und Stefan Fuchs zum Vereinsvorsitzenden gew\u00e4hlt Erlenbach&nbsp;&nbsp; Vereinsvorstand Simon Waigand konnte bei der Jahreshauptversammlung der Erlenbacher Feuerwehr gut 100 G\u00e4ste begr\u00fc\u00dfen. &#8230;<\/p>\n","protected":false},"author":4,"featured_media":17499,"comment_status":"closed","ping_status":"closed","sticky":false,"template":"","format":"standard","meta":{"ngg_post_thumbnail":0,"footnotes":""},"categories":[32,194],"tags":[],"class_list":["post-17497","post","type-post","status-publish","format-standard","has-post-thumbnail","hentry","category-feuerwehr","category-verein"],"_links":{"self":[{"href":"https:\/\/ffw-erlenbach-stadt.de\/index.php\/wp-json\/wp\/v2\/posts\/17497","targetHints":{"allow":["GET"]}}],"collection":[{"href":"https:\/\/ffw-erlenbach-stadt.de\/index.php\/wp-json\/wp\/v2\/posts"}],"about":[{"href":"https:\/\/ffw-erlenbach-stadt.de\/index.php\/wp-json\/wp\/v2\/types\/post"}],"author":[{"embeddable":true,"href":"https:\/\/ffw-erlenbach-stadt.de\/index.php\/wp-json\/wp\/v2\/users\/4"}],"replies":[{"embeddable":true,"href":"https:\/\/ffw-erlenbach-stadt.de\/index.php\/wp-json\/wp\/v2\/comments?post=17497"}],"version-history":[{"count":5,"href":"https:\/\/ffw-erlenbach-stadt.de\/index.php\/wp-json\/wp\/v2\/posts\/17497\/revisions"}],"predecessor-version":[{"id":17571,"href":"https:\/\/ffw-erlenbach-stadt.de\/index.php\/wp-json\/wp\/v2\/posts\/17497\/revisions\/17571"}],"wp:featuredmedia":[{"embeddable":true,"href":"https:\/\/ffw-erlenbach-stadt.de\/index.php\/wp-json\/wp\/v2\/media\/17499"}],"wp:attachment":[{"href":"https:\/\/ffw-erlenbach-stadt.de\/index.php\/wp-json\/wp\/v2\/media?parent=17497"}],"wp:term":[{"taxonomy":"category","embeddable":true,"href":"https:\/\/ffw-erlenbach-stadt.de\/index.php\/wp-json\/wp\/v2\/categories?post=17497"},{"taxonomy":"post_tag","embeddable":true,"href":"https:\/\/ffw-erlenbach-stadt.de\/index.php\/wp-json\/wp\/v2\/tags?post=17497"}],"curies":[{"name":"wp","href":"https:\/\/api.w.org\/{rel}","templated":true}]}}