{"id":17226,"date":"2018-10-10T12:38:22","date_gmt":"2018-10-10T10:38:22","guid":{"rendered":"http:\/\/ffw-erlenbach-stadt.de\/?p=17226"},"modified":"2018-12-29T19:37:55","modified_gmt":"2018-12-29T18:37:55","slug":"hochzeit-heiko-simone","status":"publish","type":"post","link":"https:\/\/ffw-erlenbach-stadt.de\/index.php\/2018\/10\/10\/hochzeit-heiko-simone\/","title":{"rendered":"Hochzeit Heiko &#038; Simone"},"content":{"rendered":"<p><em><strong>Am Samstag, 06. Oktober 2018 hat unser aktives Mitglied Heiko Vogel seine Verlobte Simone zum Traualtar gef\u00fchrt. Nach der Trauung hatte u. a. auch die Feuerwehr Erlenbach eine erste Aufgabe f\u00fcr die Frischverm\u00e4hlten&nbsp;<span class=\"_47e3 _5mfr\" title=\"\u201esmile\u201c-Emoticon\"><img decoding=\"async\" class=\"img\" role=\"presentation\" src=\"https:\/\/static.xx.fbcdn.net\/images\/emoji.php\/v9\/f4c\/1\/16\/1f642.png\" alt=\"\" width=\"16\" height=\"16\"><span class=\"_7oe\" aria-hidden=\"true\">\ud83d\ude42<\/span><\/span>&nbsp;<\/strong><\/em><br \/>\n<em><strong>In diesem Sinne w\u00fcnscht die Feuerwehr Erlenbach Euch zweien nochmals alles Liebe und Gute zu Eurer Hochzeit.<\/strong><\/em><\/p>\n<p>&nbsp;<\/p>\nngg_shortcode_0_placeholder\n","protected":false},"excerpt":{"rendered":"<p>Am Samstag, 06. Oktober 2018 hat unser aktives Mitglied Heiko Vogel seine Verlobte Simone zum Traualtar gef\u00fchrt. Nach der Trauung hatte u. a. auch die Feuerwehr Erlenbach eine erste Aufgabe &#8230;<\/p>\n","protected":false},"author":4,"featured_media":17228,"comment_status":"closed","ping_status":"closed","sticky":false,"template":"","format":"standard","meta":{"ngg_post_thumbnail":0,"footnotes":""},"categories":[32,194],"tags":[],"class_list":["post-17226","post","type-post","status-publish","format-standard","has-post-thumbnail","hentry","category-feuerwehr","category-verein"],"_links":{"self":[{"href":"https:\/\/ffw-erlenbach-stadt.de\/index.php\/wp-json\/wp\/v2\/posts\/17226","targetHints":{"allow":["GET"]}}],"collection":[{"href":"https:\/\/ffw-erlenbach-stadt.de\/index.php\/wp-json\/wp\/v2\/posts"}],"about":[{"href":"https:\/\/ffw-erlenbach-stadt.de\/index.php\/wp-json\/wp\/v2\/types\/post"}],"author":[{"embeddable":true,"href":"https:\/\/ffw-erlenbach-stadt.de\/index.php\/wp-json\/wp\/v2\/users\/4"}],"replies":[{"embeddable":true,"href":"https:\/\/ffw-erlenbach-stadt.de\/index.php\/wp-json\/wp\/v2\/comments?post=17226"}],"version-history":[{"count":3,"href":"https:\/\/ffw-erlenbach-stadt.de\/index.php\/wp-json\/wp\/v2\/posts\/17226\/revisions"}],"predecessor-version":[{"id":17230,"href":"https:\/\/ffw-erlenbach-stadt.de\/index.php\/wp-json\/wp\/v2\/posts\/17226\/revisions\/17230"}],"wp:featuredmedia":[{"embeddable":true,"href":"https:\/\/ffw-erlenbach-stadt.de\/index.php\/wp-json\/wp\/v2\/media\/17228"}],"wp:attachment":[{"href":"https:\/\/ffw-erlenbach-stadt.de\/index.php\/wp-json\/wp\/v2\/media?parent=17226"}],"wp:term":[{"taxonomy":"category","embeddable":true,"href":"https:\/\/ffw-erlenbach-stadt.de\/index.php\/wp-json\/wp\/v2\/categories?post=17226"},{"taxonomy":"post_tag","embeddable":true,"href":"https:\/\/ffw-erlenbach-stadt.de\/index.php\/wp-json\/wp\/v2\/tags?post=17226"}],"curies":[{"name":"wp","href":"https:\/\/api.w.org\/{rel}","templated":true}]}}