{"id":16704,"date":"2018-01-12T21:20:09","date_gmt":"2018-01-12T20:20:09","guid":{"rendered":"http:\/\/ffw-erlenbach-stadt.de\/?p=16704"},"modified":"2018-02-10T13:29:45","modified_gmt":"2018-02-10T12:29:45","slug":"jahreshauptversammlung","status":"publish","type":"post","link":"https:\/\/ffw-erlenbach-stadt.de\/index.php\/2018\/01\/12\/jahreshauptversammlung\/","title":{"rendered":"Jahreshauptversammlung 2018"},"content":{"rendered":"<p><strong>Seit 70 Jahren Mitglied bei der Erlenbacher Feuerwehr<\/strong><br \/>\nVereinsvorstand ehrt Oskar Christophori sowie weitere langj\u00e4hrige Mitglieder<!--more--><\/p>\n<p><strong>Erlenbach<\/strong>&nbsp;&nbsp; Bei der Jahreshauptversammlung der 183 Mitglieder z\u00e4hlenden Erlenbacher Feuerwehr berichtete Vorstand Simon Waigand von einem ereignisreichen Jahr. Neben den schon traditionellen Veranstaltungen wie der Maibaumaufstellung und der After Zug Party, nannte er das Fusionsfest mit dem Gro\u00dfen Zapfenstreich zum Abschluss als H\u00f6hepunkt des Jahres. Stolz zeigte er sich auch \u00fcber den Erl\u00f6s von 404 \u20ac aus der Tombola an der Weihnachtsfeier. Der Verein rundet den Betrag auf 500 \u20ac auf und wird ihn als Spende an das Kinderpalliativteam der Malteser \u00fcbergeben. Dem leider verstorbenen Ehrenmitglied Walter Genesner gedachten die Anwesenden in einer Schweigeminute.<\/p>\n<p>Kommandant Thomas Zimmermann berichtete \u00fcber 92 Eins\u00e4tze im Jahr 2017, bei denen 620 Stunden Dienst geleistet wurden. So wurde u.a. ein gr\u00f6\u00dferer Wohnhausbrand bek\u00e4mpft, bei dem mehrere Menschenleben in Gefahr waren, Hilfe bei Verkehrsunf\u00e4llen geleistet, aber auch eine erneut gestiegene Zahl an Notfall-T\u00fcr\u00f6ffnungen abgearbeitet. Die Messgruppe wurde beim Brand einer Lackiererei in Kleinwallstadt alarmiert, um Schadstoffmessungen durchzuf\u00fchren. Um im Einsatzfall gut vorbereitet zu sein, f\u00fchrten aktive Feuerwehr und Jugendfeuerwehr je 38 \u00dcbungen bzw. Schulungen durch. Dies summiert sich auf 2960 Stunden Ausbildung. Zus\u00e4tzlich bildeten sich zahlreiche Kameraden bei Lehrg\u00e4ngen auf Landkreisebene oder an den staatlichen Feuerwehrschulen weiter. Den Mitgliederstand gab Zimmermann mit 58 Aktiven (davon 5 weiblich), 2 Anw\u00e4rtern und 6 Jugendlichen (davon 2 weiblich) an.<\/p>\n<p>Einen detaillierten Einblick in die \u00dcbungen der L\u00f6schgruppen und auch der Messgruppe, gab Gruppenf\u00fchrer Stefan Hofer. Er stellte au\u00dferdem das neue Ausbildungskonzept mit mehr themenbezogenen \u00dcbungen und Schulungen vor, um das vorhandene Wissen noch st\u00e4rker zu vertiefen. Er appellierte \u2013 wie auch Kommandant Zimmermann \u2013 an alle Aktiven, diese \u00dcbungen intensiv zu nutzen, denn der sichere Umgang mit der mittlerweile sehr umfassenden und teilweise komplexen Technik sei Voraussetzung Menschen in Not schnell helfen zu k\u00f6nnen, aber auch um selbst unversehrt aus dem Einsatz zur\u00fcckzukehren.<\/p>\n<p>Das Jugendwart-Team bestehend aus Andreas Popp, Marcel Mathy und Marco Knecht berichtete \u00fcber viele \u00dcbungen der Jugendfeuerwehr, den Berufsfeuerwehrtag, aber auch andere Angebote wie die \u201eLange Filmnacht\u201c oder einen mehrt\u00e4gige Erlebnisfahrt in ein Pfadfinderlandheim bei Bamberg. Gosbert Scholz gab einen R\u00fcckblick auf die Aktivit\u00e4ten der Jungen Alten. So kam neben Arbeitseins\u00e4tzen, wie dem Treppenbau im Weinberg oder der Reparatur des Hohbergkreuzes auch die Geselligkeit nicht zu kurz. F\u00fcr das Musikkorps der Feuerwehr gab Gudrun Kaufmann einen Jahresr\u00fcckblick.<\/p>\n<p>Im Rahmen der Ehrungen wurden folgende Kameraden\/in f\u00fcr ihren langj\u00e4hrigen Dienst ausgezeichnet: Alexander Ruppert, Felix Becker, Maximilian Arzt, Vanessa M\u00fcller f\u00fcr jeweils 10 Jahre, Gerhard Bader f\u00fcr 20 Jahre und Thomas Zimmermann f\u00fcr 30 Jahre aktiven Feuerwehrdienst. Vereinsvorstand Waigand freute sich besonders, einige Mitglieder f\u00fcr jahrzehntelange Vereinsmitgliedschaft zu ehren. Er \u00fcbergab Weinpr\u00e4sente an: Armin Reis, Bernhard Berninger, Horst Ziegler (50 Jahre), Friedbert Gro\u00dfmann, Josef Stegmann, Rainer Becker, Werner Becker (60 Jahre) und Oskar Christophori f\u00fcr stolze 70 Jahre Mitgliedschaft.<\/p>\n<p>B\u00fcrgermeister Michael Berninger dankte den Geehrten und bezeichnete deren Dienst, sowie den aller Feuerwehrleute als unerl\u00e4sslich f\u00fcr unsere Gesellschaft. Kreisbrandmeister J\u00fcrgen Dietz bedankte sich f\u00fcr das \u00fcber\u00f6rtliche Engagement der Erlenbacher und der Vorsitzende der Streiter Feuerwehr, Peter K\u00fcmpel, lobte die gute Zusammenarbeit mit den Ortsteilwehren. Mit dem singen des Kreisfeuerwehrliedes wurde die Versammlung beendet.<\/p>\nngg_shortcode_0_placeholder\n","protected":false},"excerpt":{"rendered":"<p>Seit 70 Jahren Mitglied bei der Erlenbacher Feuerwehr Vereinsvorstand ehrt Oskar Christophori sowie weitere langj\u00e4hrige Mitglieder<\/p>\n","protected":false},"author":9,"featured_media":16724,"comment_status":"open","ping_status":"open","sticky":false,"template":"","format":"standard","meta":{"ngg_post_thumbnail":0,"footnotes":""},"categories":[32,35,161,196,194],"tags":[],"class_list":["post-16704","post","type-post","status-publish","format-standard","has-post-thumbnail","hentry","category-feuerwehr","category-jugend","category-jugend-news","category-ja","category-verein"],"_links":{"self":[{"href":"https:\/\/ffw-erlenbach-stadt.de\/index.php\/wp-json\/wp\/v2\/posts\/16704","targetHints":{"allow":["GET"]}}],"collection":[{"href":"https:\/\/ffw-erlenbach-stadt.de\/index.php\/wp-json\/wp\/v2\/posts"}],"about":[{"href":"https:\/\/ffw-erlenbach-stadt.de\/index.php\/wp-json\/wp\/v2\/types\/post"}],"author":[{"embeddable":true,"href":"https:\/\/ffw-erlenbach-stadt.de\/index.php\/wp-json\/wp\/v2\/users\/9"}],"replies":[{"embeddable":true,"href":"https:\/\/ffw-erlenbach-stadt.de\/index.php\/wp-json\/wp\/v2\/comments?post=16704"}],"version-history":[{"count":5,"href":"https:\/\/ffw-erlenbach-stadt.de\/index.php\/wp-json\/wp\/v2\/posts\/16704\/revisions"}],"predecessor-version":[{"id":16732,"href":"https:\/\/ffw-erlenbach-stadt.de\/index.php\/wp-json\/wp\/v2\/posts\/16704\/revisions\/16732"}],"wp:featuredmedia":[{"embeddable":true,"href":"https:\/\/ffw-erlenbach-stadt.de\/index.php\/wp-json\/wp\/v2\/media\/16724"}],"wp:attachment":[{"href":"https:\/\/ffw-erlenbach-stadt.de\/index.php\/wp-json\/wp\/v2\/media?parent=16704"}],"wp:term":[{"taxonomy":"category","embeddable":true,"href":"https:\/\/ffw-erlenbach-stadt.de\/index.php\/wp-json\/wp\/v2\/categories?post=16704"},{"taxonomy":"post_tag","embeddable":true,"href":"https:\/\/ffw-erlenbach-stadt.de\/index.php\/wp-json\/wp\/v2\/tags?post=16704"}],"curies":[{"name":"wp","href":"https:\/\/api.w.org\/{rel}","templated":true}]}}