{"id":16113,"date":"2017-07-25T10:04:06","date_gmt":"2017-07-25T08:04:06","guid":{"rendered":"http:\/\/ffw-erlenbach-stadt.de\/?p=16113"},"modified":"2017-08-10T16:20:29","modified_gmt":"2017-08-10T14:20:29","slug":"fusionsfest-2017","status":"publish","type":"post","link":"https:\/\/ffw-erlenbach-stadt.de\/index.php\/2017\/07\/25\/fusionsfest-2017\/","title":{"rendered":"Fusionsfest 2017"},"content":{"rendered":"<p><em>Am Sonntag, 23. Juli 2017 feierte die Feuerwehr Erlenbach am Main 10 Jahre FUSION zwischen den damaligen Feuerwehren Erlenbach &#8211; Stadt und Erlenbach &#8211; Siedlung incl des Musikkorps der FF Siedlung. Mit einem Gottesdienst incl. Segnung des neuen Mehrzweckanh\u00e4ngers wurde das FUSIONSFEST er\u00f6ffnet. Nachmittags wurden zwei Schau\u00fcbungen gezeigt und am Abend gab es einige Anekdoten aus der Vergangenheit vor der Fusion. Um 21:30 Uhr wurde dann mit dem gro\u00dfen Zapfenstreich, gespielt vom Musikkorps der Feuerwehr Erlenbach , das Fest ausklingen lassen.<\/em><br \/>\n<em> Die Feuerwehr bedankt sich bei allen Helfern, Besuchern und nicht zuletzt beim Vorbereitungsteam des Festes f\u00fcr einen gelungenen Tag.<\/em><!--more--><\/p>\n<p><em>Hier einige Bilder von den Schau\u00fcbungen, des Zapfenstreichs und des Festbetriebs. (Bilder \u00dcbungen fehlen noch)<\/em><\/p>\n<p>&nbsp;<\/p>\nngg_shortcode_0_placeholder\n<p>&nbsp;<\/p>\n<p>&nbsp;<\/p>\n<p>&nbsp;<\/p>\n","protected":false},"excerpt":{"rendered":"<p>Am Sonntag, 23. Juli 2017 feierte die Feuerwehr Erlenbach am Main 10 Jahre FUSION zwischen den damaligen Feuerwehren Erlenbach &#8211; Stadt und Erlenbach &#8211; Siedlung incl des Musikkorps der FF &#8230;<\/p>\n","protected":false},"author":4,"featured_media":16117,"comment_status":"open","ping_status":"open","sticky":false,"template":"","format":"standard","meta":{"ngg_post_thumbnail":0,"footnotes":""},"categories":[194],"tags":[],"class_list":["post-16113","post","type-post","status-publish","format-standard","has-post-thumbnail","hentry","category-verein"],"_links":{"self":[{"href":"https:\/\/ffw-erlenbach-stadt.de\/index.php\/wp-json\/wp\/v2\/posts\/16113","targetHints":{"allow":["GET"]}}],"collection":[{"href":"https:\/\/ffw-erlenbach-stadt.de\/index.php\/wp-json\/wp\/v2\/posts"}],"about":[{"href":"https:\/\/ffw-erlenbach-stadt.de\/index.php\/wp-json\/wp\/v2\/types\/post"}],"author":[{"embeddable":true,"href":"https:\/\/ffw-erlenbach-stadt.de\/index.php\/wp-json\/wp\/v2\/users\/4"}],"replies":[{"embeddable":true,"href":"https:\/\/ffw-erlenbach-stadt.de\/index.php\/wp-json\/wp\/v2\/comments?post=16113"}],"version-history":[{"count":5,"href":"https:\/\/ffw-erlenbach-stadt.de\/index.php\/wp-json\/wp\/v2\/posts\/16113\/revisions"}],"predecessor-version":[{"id":16185,"href":"https:\/\/ffw-erlenbach-stadt.de\/index.php\/wp-json\/wp\/v2\/posts\/16113\/revisions\/16185"}],"wp:featuredmedia":[{"embeddable":true,"href":"https:\/\/ffw-erlenbach-stadt.de\/index.php\/wp-json\/wp\/v2\/media\/16117"}],"wp:attachment":[{"href":"https:\/\/ffw-erlenbach-stadt.de\/index.php\/wp-json\/wp\/v2\/media?parent=16113"}],"wp:term":[{"taxonomy":"category","embeddable":true,"href":"https:\/\/ffw-erlenbach-stadt.de\/index.php\/wp-json\/wp\/v2\/categories?post=16113"},{"taxonomy":"post_tag","embeddable":true,"href":"https:\/\/ffw-erlenbach-stadt.de\/index.php\/wp-json\/wp\/v2\/tags?post=16113"}],"curies":[{"name":"wp","href":"https:\/\/api.w.org\/{rel}","templated":true}]}}